{"id":268,"date":"2012-04-16T16:55:21","date_gmt":"2012-04-16T15:55:21","guid":{"rendered":"http:\/\/www.duocorda.ch\/dc\/?p=268"},"modified":"2012-04-16T16:55:21","modified_gmt":"2012-04-16T15:55:21","slug":"impressionen-aus-der-region-basel","status":"publish","type":"post","link":"https:\/\/www.duocorda.ch\/dc\/impressionen-aus-der-region-basel\/","title":{"rendered":"Impressionen aus der Region Basel"},"content":{"rendered":"<p>Unsere Impressionen aus den drei Konzerten in Rheinfelden und im Kanton Basel-Landschaft: wir bedanken uns beim \u00e4usserst aufmerksamen Publikum und freuen uns \u00fcber die vielen R\u00fcckmeldungen. Auch ganz herzlich m\u00f6chten wir uns bei unseren privaten G\u00f6nnern in Bubendorf sowie den Gemeinden Rheinfelden, H\u00f6lstein, Waldenburg und Lausen f\u00fcr die Mithilfe bedanken. Gar nicht selbstverst\u00e4ndlich war auch die Gastfreundschaft im Pfarrhauskeller Waldenburg. Zudem waren wir sehr erfreut \u00fcber die tatkr\u00e4ftige Unterst\u00fctzung von Lausen Kulturell und verschiedenen lokalen Zeitungen. Danke!<\/p>\n<p><img loading=\"lazy\" decoding=\"async\" class=\"alignnone size-full wp-image-270\" title=\"Impression vom Konzert in Lausen BL\" src=\"https:\/\/www.duocorda.ch\/dc\/wp-content\/uploads\/2012\/04\/20120415_DuoCorda22s238.jpg\" alt=\"DuoCorda Impression von Lausen BL\" width=\"457\" height=\"258\" srcset=\"https:\/\/www.duocorda.ch\/dc\/wp-content\/uploads\/2012\/04\/20120415_DuoCorda22s238.jpg 457w, https:\/\/www.duocorda.ch\/dc\/wp-content\/uploads\/2012\/04\/20120415_DuoCorda22s238-300x169.jpg 300w\" sizes=\"auto, (max-width: 457px) 100vw, 457px\" \/><\/p>\n<p>Bild oben und unten: Impressionen vom Konzert in Lausen.<\/p>\n<p><img loading=\"lazy\" decoding=\"async\" class=\" wp-image-271 alignnone\" title=\"Impression vom Konzert in Lausen BL\" src=\"https:\/\/www.duocorda.ch\/dc\/wp-content\/uploads\/2012\/04\/20120415_DuoCorda46s44.jpg\" alt=\"DuoCorda Impression von Lausen BL\" width=\"457\" height=\"257\" srcset=\"https:\/\/www.duocorda.ch\/dc\/wp-content\/uploads\/2012\/04\/20120415_DuoCorda46s44.jpg 457w, https:\/\/www.duocorda.ch\/dc\/wp-content\/uploads\/2012\/04\/20120415_DuoCorda46s44-300x168.jpg 300w\" sizes=\"auto, (max-width: 457px) 100vw, 457px\" \/><\/p>\n<p>Unvergleichbar die Stimmung im Pfarrhauskeller in Waldenburg:<\/p>\n<p><img loading=\"lazy\" decoding=\"async\" class=\"alignnone size-full wp-image-269\" title=\"Impression vom Konzert in Waldenburg\" src=\"https:\/\/www.duocorda.ch\/dc\/wp-content\/uploads\/2012\/04\/20120414_DuoCorda31s224.jpg\" alt=\"DuoCorda Impression von Waldenburg\" width=\"457\" height=\"257\" srcset=\"https:\/\/www.duocorda.ch\/dc\/wp-content\/uploads\/2012\/04\/20120414_DuoCorda31s224.jpg 457w, https:\/\/www.duocorda.ch\/dc\/wp-content\/uploads\/2012\/04\/20120414_DuoCorda31s224-300x168.jpg 300w\" sizes=\"auto, (max-width: 457px) 100vw, 457px\" \/><\/p>\n","protected":false},"excerpt":{"rendered":"<p>Unsere Impressionen aus den drei Konzerten in Rheinfelden und im Kanton Basel-Landschaft: wir bedanken uns beim \u00e4usserst aufmerksamen Publikum und freuen uns \u00fcber die vielen R\u00fcckmeldungen. Auch ganz herzlich m\u00f6chten wir uns bei unseren privaten G\u00f6nnern in Bubendorf sowie den &hellip; <a href=\"https:\/\/www.duocorda.ch\/dc\/impressionen-aus-der-region-basel\/\">Weiterlesen <span class=\"meta-nav\">&rarr;<\/span><\/a><\/p>\n","protected":false},"author":1,"featured_media":0,"comment_status":"closed","ping_status":"closed","sticky":false,"template":"","format":"standard","meta":{"footnotes":""},"categories":[1],"tags":[37,111,16,40,38,39],"class_list":["post-268","post","type-post","status-publish","format-standard","hentry","category-duocorda-konzerte","tag-basel","tag-duocorda","tag-impressionen","tag-lausen","tag-rheinfelden","tag-waldenburg"],"_links":{"self":[{"href":"https:\/\/www.duocorda.ch\/dc\/wp-json\/wp\/v2\/posts\/268","targetHints":{"allow":["GET"]}}],"collection":[{"href":"https:\/\/www.duocorda.ch\/dc\/wp-json\/wp\/v2\/posts"}],"about":[{"href":"https:\/\/www.duocorda.ch\/dc\/wp-json\/wp\/v2\/types\/post"}],"author":[{"embeddable":true,"href":"https:\/\/www.duocorda.ch\/dc\/wp-json\/wp\/v2\/users\/1"}],"replies":[{"embeddable":true,"href":"https:\/\/www.duocorda.ch\/dc\/wp-json\/wp\/v2\/comments?post=268"}],"version-history":[{"count":5,"href":"https:\/\/www.duocorda.ch\/dc\/wp-json\/wp\/v2\/posts\/268\/revisions"}],"predecessor-version":[{"id":276,"href":"https:\/\/www.duocorda.ch\/dc\/wp-json\/wp\/v2\/posts\/268\/revisions\/276"}],"wp:attachment":[{"href":"https:\/\/www.duocorda.ch\/dc\/wp-json\/wp\/v2\/media?parent=268"}],"wp:term":[{"taxonomy":"category","embeddable":true,"href":"https:\/\/www.duocorda.ch\/dc\/wp-json\/wp\/v2\/categories?post=268"},{"taxonomy":"post_tag","embeddable":true,"href":"https:\/\/www.duocorda.ch\/dc\/wp-json\/wp\/v2\/tags?post=268"}],"curies":[{"name":"wp","href":"https:\/\/api.w.org\/{rel}","templated":true}]}}