{"id":281,"date":"2012-06-22T14:12:55","date_gmt":"2012-06-22T13:12:55","guid":{"rendered":"http:\/\/www.duocorda.ch\/dc\/?p=281"},"modified":"2012-06-22T14:12:55","modified_gmt":"2012-06-22T13:12:55","slug":"resonanz-in-der-presse","status":"publish","type":"post","link":"https:\/\/www.duocorda.ch\/dc\/resonanz-in-der-presse\/","title":{"rendered":"Resonanz in der Presse"},"content":{"rendered":"<p>Wir freuen uns auf die drei letzten und geographisch speziellen Konzerte der Tournee 2012:<br \/>\n&#8211; Ausserhalb der Schweiz am Sonntag 24.06. in Eschen im F\u00fcrstentum Liechtenstein.<br \/>\n&#8211; Das Heimspiel in der kath. Kirche Seuzach (NICHT wie auf einigen Flyern vermerkt im Pfarrhauskeller). Lasst uns die Schulferien am Fr, 13.07. gemeinsam beginnen. Bringt Freunde und Familie mit, die Kirche ist gross! Nach diesem Konzert gibt es nur noch eine Chance:<br \/>\n&#8211; Geographischer H\u00f6hepunkt und Abschluss der Tournee 2012 am Mi 18. Juli: Ein Harfentransport mit der Seilbahn auf die Bettmeralp auf 1&#8217;957 m \u00fc. M. ist ein seltenes Erlebnis f\u00fcr uns alle!<\/p>\n<div id=\"attachment_286\" style=\"width: 650px\" class=\"wp-caption alignnone\"><img loading=\"lazy\" decoding=\"async\" aria-describedby=\"caption-attachment-286\" class=\"size-large wp-image-286\" title=\"DuoCorda am 16. Juni 2012 im Chupferturm in Schwyz\" src=\"https:\/\/www.duocorda.ch\/dc\/wp-content\/uploads\/2012\/06\/P1110634_1200px-1024x768.jpg\" alt=\"DuoCorda am 16. Juni 2012 im Chupferturm in Schwyz\" width=\"640\" height=\"480\" srcset=\"https:\/\/www.duocorda.ch\/dc\/wp-content\/uploads\/2012\/06\/P1110634_1200px-1024x768.jpg 1024w, https:\/\/www.duocorda.ch\/dc\/wp-content\/uploads\/2012\/06\/P1110634_1200px-300x225.jpg 300w, https:\/\/www.duocorda.ch\/dc\/wp-content\/uploads\/2012\/06\/P1110634_1200px.jpg 1200w\" sizes=\"auto, (max-width: 640px) 100vw, 640px\" \/><p id=\"caption-attachment-286\" class=\"wp-caption-text\">DuoCorda im Chupferturm in Schwyz<\/p><\/div>\n<p>Die vielen pers\u00f6nlichen Zuschriften und Gespr\u00e4che nach den bisherigen zw\u00f6lf Konzerten freuen uns sehr! Neben moralischer, tatkr\u00e4ftiger und nat\u00fcrlich finanzieller Unterst\u00fctzung (aktuell der Kanton Schwyz sowie die Swisslos Kulturf\u00f6rderung des Kantons Obwalden) hilft einer\u00a0 Tournee die Resonanz in der Presse. Drei Beispiele:<\/p>\n<p><a href=\"https:\/\/www.duocorda.ch\/dc\/wp-content\/uploads\/2012\/06\/MaurmerPost_24_DuoCorda.pdf\">Konzertrezension in der Maurmer Post<\/a> [15.06.2012, PDF 2.11MB]<br \/>\n<a href=\"https:\/\/www.duocorda.ch\/dc\/wp-content\/uploads\/2012\/06\/223654_ZOMA_RK_008_300412.pdf\">Interview im Z\u00fcrcher Oberl\u00e4nder<\/a> [30.04.2012, PDF 115KB]<br \/>\n<a href=\"https:\/\/www.duocorda.ch\/dc\/wp-content\/uploads\/2012\/06\/Duerntner_123.pdf\">Interview 2011 und Vorbericht 2012 im R\u00fctner\/D\u00fcrntner<\/a>[02.2011, 04.2012, PDF 2.45 MB]<\/p>\n<div id=\"attachment_284\" style=\"width: 436px\" class=\"wp-caption alignnone\"><img loading=\"lazy\" decoding=\"async\" aria-describedby=\"caption-attachment-284\" class=\"size-full wp-image-284\" title=\"Corinne Kappeler [Bild: Imre Mesterhazy]\" src=\"https:\/\/www.duocorda.ch\/dc\/wp-content\/uploads\/2012\/06\/DSC_8679.jpeg\" alt=\"\" width=\"426\" height=\"283\" srcset=\"https:\/\/www.duocorda.ch\/dc\/wp-content\/uploads\/2012\/06\/DSC_8679.jpeg 426w, https:\/\/www.duocorda.ch\/dc\/wp-content\/uploads\/2012\/06\/DSC_8679-300x199.jpg 300w\" sizes=\"auto, (max-width: 426px) 100vw, 426px\" \/><p id=\"caption-attachment-284\" class=\"wp-caption-text\">Corinne Kappeler (Bild: Imre Mesterhazy)<\/p><\/div>\n","protected":false},"excerpt":{"rendered":"<p>Wir freuen uns auf die drei letzten und geographisch speziellen Konzerte der Tournee 2012: &#8211; Ausserhalb der Schweiz am Sonntag 24.06. in Eschen im F\u00fcrstentum Liechtenstein. &#8211; Das Heimspiel in der kath. Kirche Seuzach (NICHT wie auf einigen Flyern vermerkt &hellip; <a href=\"https:\/\/www.duocorda.ch\/dc\/resonanz-in-der-presse\/\">Weiterlesen <span class=\"meta-nav\">&rarr;<\/span><\/a><\/p>\n","protected":false},"author":1,"featured_media":0,"comment_status":"closed","ping_status":"closed","sticky":false,"template":"","format":"standard","meta":{"footnotes":""},"categories":[1],"tags":[43,42,41,10],"class_list":["post-281","post","type-post","status-publish","format-standard","hentry","category-duocorda-konzerte","tag-bettmeralp","tag-presse","tag-resonanz","tag-rezension"],"_links":{"self":[{"href":"https:\/\/www.duocorda.ch\/dc\/wp-json\/wp\/v2\/posts\/281","targetHints":{"allow":["GET"]}}],"collection":[{"href":"https:\/\/www.duocorda.ch\/dc\/wp-json\/wp\/v2\/posts"}],"about":[{"href":"https:\/\/www.duocorda.ch\/dc\/wp-json\/wp\/v2\/types\/post"}],"author":[{"embeddable":true,"href":"https:\/\/www.duocorda.ch\/dc\/wp-json\/wp\/v2\/users\/1"}],"replies":[{"embeddable":true,"href":"https:\/\/www.duocorda.ch\/dc\/wp-json\/wp\/v2\/comments?post=281"}],"version-history":[{"count":6,"href":"https:\/\/www.duocorda.ch\/dc\/wp-json\/wp\/v2\/posts\/281\/revisions"}],"predecessor-version":[{"id":292,"href":"https:\/\/www.duocorda.ch\/dc\/wp-json\/wp\/v2\/posts\/281\/revisions\/292"}],"wp:attachment":[{"href":"https:\/\/www.duocorda.ch\/dc\/wp-json\/wp\/v2\/media?parent=281"}],"wp:term":[{"taxonomy":"category","embeddable":true,"href":"https:\/\/www.duocorda.ch\/dc\/wp-json\/wp\/v2\/categories?post=281"},{"taxonomy":"post_tag","embeddable":true,"href":"https:\/\/www.duocorda.ch\/dc\/wp-json\/wp\/v2\/tags?post=281"}],"curies":[{"name":"wp","href":"https:\/\/api.w.org\/{rel}","templated":true}]}}