{"id":294,"date":"2012-08-13T21:47:49","date_gmt":"2012-08-13T20:47:49","guid":{"rendered":"http:\/\/www.duocorda.ch\/dc\/?p=294"},"modified":"2012-12-14T21:58:38","modified_gmt":"2012-12-14T20:58:38","slug":"erinnerungen-und-aktuelles","status":"publish","type":"post","link":"https:\/\/www.duocorda.ch\/dc\/erinnerungen-und-aktuelles\/","title":{"rendered":"Erinnerungen und Aktuelles"},"content":{"rendered":"<p>Ein wunderbares Publikum unterst\u00fctzte unser Heimspiel in Seuzach. Wir freuten uns auch \u00fcber viele schriftliche und direkte R\u00fcckmeldungen nach dem Konzert. An dieser Stelle ein grosses Dankesch\u00f6n an alle Beteiligten.<\/p>\n<p>F\u00fcr das &#8218;hochalpine&#8216; Konzert auf der Bettmeralp planten wir einen Tag mehr ein f\u00fcr die Reise und die Aufbau- und Detailarbeit (ca. 8h pro Konzert). Bei diesem Konzert erhielten wir zum Gl\u00fcck auch logistische Unterst\u00fctzung von Bettmeralp Tourismus.<\/p>\n<p><a href=\"https:\/\/www.duocorda.ch\/dc\/wp-content\/uploads\/2012\/08\/P1110754a.jpg\"><img loading=\"lazy\" decoding=\"async\" class=\"alignnone size-large wp-image-295\" title=\"Ankunft der Harfe und des Materials auf der Bettmeralp\" src=\"https:\/\/www.duocorda.ch\/dc\/wp-content\/uploads\/2012\/08\/P1110754a-1024x764.jpg\" alt=\"Ankunft der Harfe und des Materials auf der Bettmeralp\" width=\"640\" height=\"477\" srcset=\"https:\/\/www.duocorda.ch\/dc\/wp-content\/uploads\/2012\/08\/P1110754a-1024x764.jpg 1024w, https:\/\/www.duocorda.ch\/dc\/wp-content\/uploads\/2012\/08\/P1110754a-300x224.jpg 300w, https:\/\/www.duocorda.ch\/dc\/wp-content\/uploads\/2012\/08\/P1110754a.jpg 1526w\" sizes=\"auto, (max-width: 640px) 100vw, 640px\" \/><\/a><\/p>\n<p>Schliesslich noch ein paar Erinnerungen an unser Kaleidoskop: Nachdem die integrierte Kamera die Reise von Hilversum in die Schweiz nicht \u00fcberlebt hatte, liess uns die Konstruktion unserer Kollegin Pam Groenestein nie mehr im Stich.<\/p>\n<div id='gallery-1' class='gallery galleryid-294 gallery-columns-4 gallery-size-thumbnail'><dl class='gallery-item'>\n\t\t\t<dt class='gallery-icon landscape'>\n\t\t\t\t<a href='https:\/\/www.duocorda.ch\/dc\/erinnerungen-und-aktuelles\/p1110799a\/'><img loading=\"lazy\" decoding=\"async\" width=\"150\" height=\"150\" src=\"https:\/\/www.duocorda.ch\/dc\/wp-content\/uploads\/2012\/08\/P1110799a-150x150.jpg\" class=\"attachment-thumbnail size-thumbnail\" alt=\"Kaleidoskopmuster auf der Bettmeralp\" \/><\/a>\n\t\t\t<\/dt><\/dl><dl class='gallery-item'>\n\t\t\t<dt class='gallery-icon landscape'>\n\t\t\t\t<a href='https:\/\/www.duocorda.ch\/dc\/erinnerungen-und-aktuelles\/p1110801a\/'><img loading=\"lazy\" decoding=\"async\" width=\"150\" height=\"150\" src=\"https:\/\/www.duocorda.ch\/dc\/wp-content\/uploads\/2012\/08\/P1110801a-150x150.jpg\" class=\"attachment-thumbnail size-thumbnail\" alt=\"Kaleidoskopmuster auf der Bettmeralp\" \/><\/a>\n\t\t\t<\/dt><\/dl><dl class='gallery-item'>\n\t\t\t<dt class='gallery-icon landscape'>\n\t\t\t\t<a href='https:\/\/www.duocorda.ch\/dc\/erinnerungen-und-aktuelles\/p1110808a\/'><img loading=\"lazy\" decoding=\"async\" width=\"150\" height=\"150\" src=\"https:\/\/www.duocorda.ch\/dc\/wp-content\/uploads\/2012\/08\/P1110808a-150x150.jpg\" class=\"attachment-thumbnail size-thumbnail\" alt=\"Kaleidoskopmuster auf der Bettmeralp\" \/><\/a>\n\t\t\t<\/dt><\/dl><dl class='gallery-item'>\n\t\t\t<dt class='gallery-icon landscape'>\n\t\t\t\t<a href='https:\/\/www.duocorda.ch\/dc\/erinnerungen-und-aktuelles\/p1110754a\/'><img loading=\"lazy\" decoding=\"async\" width=\"150\" height=\"150\" src=\"https:\/\/www.duocorda.ch\/dc\/wp-content\/uploads\/2012\/08\/P1110754a-150x150.jpg\" class=\"attachment-thumbnail size-thumbnail\" alt=\"Ankunft der Harfe und des Materials auf der Bettmeralp\" \/><\/a>\n\t\t\t<\/dt><\/dl><br style=\"clear: both\" \/>\n\t\t<\/div>\n\n<p>Schliesslich noch ein Hinweis: Neben privaten Engagements (lustigerweise auch einer Hochzeit auf der Bettmeralp im September!) spielen wir beide im aktuellen Projekt des paul taylor orCHestras mit. Ein einmaliges Programm mit Alphorn, Perkussion, finnischem Gesang, Streichern und Konzertharfe (<a title=\"Flyer 2012: Alphorn &amp; Nordic Winds [253 KB]\" href=\"http:\/\/www.paultaylororchestra.ch\/2012_Flyer_PTO.pdf\" target=\"_blank\">Flyer<\/a> | <a title=\"Homepage des paul taylor orCHestras\" href=\"http:\/\/www.paultaylororchestra.ch\/\" target=\"_blank\">Homepage<\/a>).<\/p>\n<p>&nbsp;<\/p>\n","protected":false},"excerpt":{"rendered":"<p>Ein wunderbares Publikum unterst\u00fctzte unser Heimspiel in Seuzach. Wir freuten uns auch \u00fcber viele schriftliche und direkte R\u00fcckmeldungen nach dem Konzert. An dieser Stelle ein grosses Dankesch\u00f6n an alle Beteiligten. F\u00fcr das &#8218;hochalpine&#8216; Konzert auf der Bettmeralp planten wir einen &hellip; <a href=\"https:\/\/www.duocorda.ch\/dc\/erinnerungen-und-aktuelles\/\">Weiterlesen <span class=\"meta-nav\">&rarr;<\/span><\/a><\/p>\n","protected":false},"author":1,"featured_media":0,"comment_status":"closed","ping_status":"closed","sticky":false,"template":"","format":"standard","meta":{"footnotes":""},"categories":[1,5],"tags":[45,44,17],"class_list":["post-294","post","type-post","status-publish","format-standard","hentry","category-duocorda-konzerte","category-nieuws","tag-alphorn","tag-hochalpines-konzert","tag-pam-groenestein"],"_links":{"self":[{"href":"https:\/\/www.duocorda.ch\/dc\/wp-json\/wp\/v2\/posts\/294","targetHints":{"allow":["GET"]}}],"collection":[{"href":"https:\/\/www.duocorda.ch\/dc\/wp-json\/wp\/v2\/posts"}],"about":[{"href":"https:\/\/www.duocorda.ch\/dc\/wp-json\/wp\/v2\/types\/post"}],"author":[{"embeddable":true,"href":"https:\/\/www.duocorda.ch\/dc\/wp-json\/wp\/v2\/users\/1"}],"replies":[{"embeddable":true,"href":"https:\/\/www.duocorda.ch\/dc\/wp-json\/wp\/v2\/comments?post=294"}],"version-history":[{"count":7,"href":"https:\/\/www.duocorda.ch\/dc\/wp-json\/wp\/v2\/posts\/294\/revisions"}],"predecessor-version":[{"id":302,"href":"https:\/\/www.duocorda.ch\/dc\/wp-json\/wp\/v2\/posts\/294\/revisions\/302"}],"wp:attachment":[{"href":"https:\/\/www.duocorda.ch\/dc\/wp-json\/wp\/v2\/media?parent=294"}],"wp:term":[{"taxonomy":"category","embeddable":true,"href":"https:\/\/www.duocorda.ch\/dc\/wp-json\/wp\/v2\/categories?post=294"},{"taxonomy":"post_tag","embeddable":true,"href":"https:\/\/www.duocorda.ch\/dc\/wp-json\/wp\/v2\/tags?post=294"}],"curies":[{"name":"wp","href":"https:\/\/api.w.org\/{rel}","templated":true}]}}