{"id":305,"date":"2012-09-04T13:21:42","date_gmt":"2012-09-04T12:21:42","guid":{"rendered":"http:\/\/www.duocorda.ch\/dc\/?p=305"},"modified":"2012-12-14T21:59:19","modified_gmt":"2012-12-14T20:59:19","slug":"vorbereitungen-fur-die-tournee-2013","status":"publish","type":"post","link":"https:\/\/www.duocorda.ch\/dc\/vorbereitungen-fur-die-tournee-2013\/","title":{"rendered":"Vorbereitungen f\u00fcr die Tournee 2013"},"content":{"rendered":"<p>Immer wieder werden wir an die Tournee 2012 erinnert, so auch mit einem Bericht im\u00a0<a href=\"https:\/\/www.duocorda.ch\/dc\/wp-content\/uploads\/2012\/09\/20120713_Landbote_kreg_DuoCorda.pdf\">Landboten: Heimspiel f\u00fcr das DuoCorda<\/a> oder mit einem <a href=\"https:\/\/www.duocorda.ch\/dc\/wp-content\/uploads\/2012\/09\/20120717-Stadtanzeiger-Winterthurkultur.pdf\">Portrait \u00fcber das DuoCorda im Stadtanzeiger Winterthur<\/a>. Oder bei Gespr\u00e4chen mit dem Publikum nach den aktuellen Konzerten mit dem <a title=\"Homepage des paul taylor orCHestras\" href=\"http:\/\/www.paultaylororchestra.ch\/\" target=\"_blank\">paul taylor orCHestra<\/a>, Eliana Burki und Sanna Kurki-Suonio (noch am 7. September und 18. Dezember). Das setzt Energie frei!<\/p>\n<p>Bereits vor Ende unserer Tournee 2012 haben wir mit dem Ausw\u00e4hlen von neuen Werken und dem Arrangieren begonnen. Bald haben wir die erste Version des Notenmaterials zusammen. Dann werden wir auch sehen, zu welcher Pr\u00e4sentation uns die Musik inspiriert.<\/p>\n<p>Wir freuen uns auf viele spannende Begegnungen bei unseren Vorbereitungen f\u00fcr die DVD 2012 und die DuoCorda Tournee 2013.<\/p>\n","protected":false},"excerpt":{"rendered":"<p>Immer wieder werden wir an die Tournee 2012 erinnert, so auch mit einem Bericht im\u00a0Landboten: Heimspiel f\u00fcr das DuoCorda oder mit einem Portrait \u00fcber das DuoCorda im Stadtanzeiger Winterthur. Oder bei Gespr\u00e4chen mit dem Publikum nach den aktuellen Konzerten mit &hellip; <a href=\"https:\/\/www.duocorda.ch\/dc\/vorbereitungen-fur-die-tournee-2013\/\">Weiterlesen <span class=\"meta-nav\">&rarr;<\/span><\/a><\/p>\n","protected":false},"author":1,"featured_media":0,"comment_status":"closed","ping_status":"closed","sticky":false,"template":"","format":"standard","meta":{"footnotes":""},"categories":[1,5],"tags":[46,48,49,47],"class_list":["post-305","post","type-post","status-publish","format-standard","hentry","category-duocorda-konzerte","category-nieuws","tag-dvd","tag-eliana-burki","tag-sanna-kurki-suonio","tag-tournee-2013"],"_links":{"self":[{"href":"https:\/\/www.duocorda.ch\/dc\/wp-json\/wp\/v2\/posts\/305","targetHints":{"allow":["GET"]}}],"collection":[{"href":"https:\/\/www.duocorda.ch\/dc\/wp-json\/wp\/v2\/posts"}],"about":[{"href":"https:\/\/www.duocorda.ch\/dc\/wp-json\/wp\/v2\/types\/post"}],"author":[{"embeddable":true,"href":"https:\/\/www.duocorda.ch\/dc\/wp-json\/wp\/v2\/users\/1"}],"replies":[{"embeddable":true,"href":"https:\/\/www.duocorda.ch\/dc\/wp-json\/wp\/v2\/comments?post=305"}],"version-history":[{"count":2,"href":"https:\/\/www.duocorda.ch\/dc\/wp-json\/wp\/v2\/posts\/305\/revisions"}],"predecessor-version":[{"id":352,"href":"https:\/\/www.duocorda.ch\/dc\/wp-json\/wp\/v2\/posts\/305\/revisions\/352"}],"wp:attachment":[{"href":"https:\/\/www.duocorda.ch\/dc\/wp-json\/wp\/v2\/media?parent=305"}],"wp:term":[{"taxonomy":"category","embeddable":true,"href":"https:\/\/www.duocorda.ch\/dc\/wp-json\/wp\/v2\/categories?post=305"},{"taxonomy":"post_tag","embeddable":true,"href":"https:\/\/www.duocorda.ch\/dc\/wp-json\/wp\/v2\/tags?post=305"}],"curies":[{"name":"wp","href":"https:\/\/api.w.org\/{rel}","templated":true}]}}