{"id":312,"date":"2012-10-19T13:05:54","date_gmt":"2012-10-19T12:05:54","guid":{"rendered":"http:\/\/www.duocorda.ch\/dc\/?p=312"},"modified":"2012-12-14T22:00:16","modified_gmt":"2012-12-14T21:00:16","slug":"herbstzeit-ist-pflanzzeit-die-saat-wachst","status":"publish","type":"post","link":"https:\/\/www.duocorda.ch\/dc\/herbstzeit-ist-pflanzzeit-die-saat-wachst\/","title":{"rendered":"Herbstzeit ist Pflanzzeit: die Saat w\u00e4chst"},"content":{"rendered":"<p>Am 22. September streuten wir erstes Saatgut f\u00fcr die Konzerte der Tournee 2013 aus: bereits zwei Tage sp\u00e4ter keimten die ersten Spr\u00f6sslinge. Andere befinden sich nach wie vor im Keimprozess und wir sind stetig daran, noch weiteres Saatgut zu streuen.<\/p>\n<p>Bereits sind auch erste Bestellungen f\u00fcr D\u00fcnger bei Stiftungen oder Kantonen eingetroffen. Ein Boden ganz ohne Naturd\u00fcnger ist sp\u00e4testens nach ein paar Jahren ausgebeutet und bringt nichts mehr hervor. Wieviel D\u00fcnger es von welcher Sorte braucht, versuchen wir nat\u00fcrlich m\u00f6glichst genau vorauszuberechnen.<\/p>\n<p>Nach genau vier Wochen sind bereits folgende &#8218;Pfl\u00e4nzchen&#8216; mit Sicherheit erkennbar. Weitere sieben Gew\u00e4chse konnten wir bereits bestimmen, warten aber noch die Best\u00e4tigung unserer Resultate ab.<\/p>\n<pre> SA 13.04.2013\u00a0\u00a0\u00a020 Uhr\u00a0\u00a0\u00a0Z\u00fcrich Hottingen (Hottingersaal)\r\n MO 15.04.2013 \u00a0\u00a020 Uhr \u00a0\u00a0Obfelden (kath. Kirche)\r\n MO 22.04.2013 \u00a0\u00a020 Uhr \u00a0\u00a0Schwyz (Chupferturm)\r\n FR 03.05.2013 \u00a0\u00a020 Uhr \u00a0\u00a0R\u00fcti ZH (Amthaussaal)\r\n FR 10.05.2013 \u00a0\u00a020 Uhr \u00a0\u00a0Dielsdorf (Philosophe, Veranstalter: Verein Philosophe)\r\n DO 16.05.2013 \u00a0\u00a020 Uhr \u00a0\u00a0Lausen (Gemeindesaal)\r\n FR 17.05.2013 \u00a0\u00a020 Uhr \u00a0\u00a0Rheinfelden (Kapuzinerkirche)\r\n SA 25.05.2013 \u00a0\u00a020 Uhr \u00a0\u00a0Maur (M\u00fchlesaal)\r\n MI 26.06.2013   20:15 Uhr   Bubendorf (Schloss Wildenstein)\r\n\u00a0FR 12.07.2013 \u00a0\u00a020:15 Uhr \u00a0\u00a0Seuzach (kath. Kirche)<\/pre>\n<p>Bald wird unsere vollst\u00e4ndige Pflanzliste unter <a title=\"Alle Konzerte (mit Details)\" href=\"https:\/\/www.duocorda.ch\/dc\/?page_id=23\">alle Konzerte (mit Details)<\/a> erscheinen. Infos zur DVD 2012 erscheinen in ein paar Wochen hier.<\/p>\n","protected":false},"excerpt":{"rendered":"<p>Am 22. September streuten wir erstes Saatgut f\u00fcr die Konzerte der Tournee 2013 aus: bereits zwei Tage sp\u00e4ter keimten die ersten Spr\u00f6sslinge. Andere befinden sich nach wie vor im Keimprozess und wir sind stetig daran, noch weiteres Saatgut zu streuen. &hellip; <a href=\"https:\/\/www.duocorda.ch\/dc\/herbstzeit-ist-pflanzzeit-die-saat-wachst\/\">Weiterlesen <span class=\"meta-nav\">&rarr;<\/span><\/a><\/p>\n","protected":false},"author":1,"featured_media":0,"comment_status":"closed","ping_status":"closed","sticky":false,"template":"","format":"standard","meta":{"footnotes":""},"categories":[1,5],"tags":[53,54,50,51,52],"class_list":["post-312","post","type-post","status-publish","format-standard","hentry","category-duocorda-konzerte","category-nieuws","tag-dunger","tag-erster-tourneeplan","tag-pflanzzeit","tag-saat","tag-saatgut"],"_links":{"self":[{"href":"https:\/\/www.duocorda.ch\/dc\/wp-json\/wp\/v2\/posts\/312","targetHints":{"allow":["GET"]}}],"collection":[{"href":"https:\/\/www.duocorda.ch\/dc\/wp-json\/wp\/v2\/posts"}],"about":[{"href":"https:\/\/www.duocorda.ch\/dc\/wp-json\/wp\/v2\/types\/post"}],"author":[{"embeddable":true,"href":"https:\/\/www.duocorda.ch\/dc\/wp-json\/wp\/v2\/users\/1"}],"replies":[{"embeddable":true,"href":"https:\/\/www.duocorda.ch\/dc\/wp-json\/wp\/v2\/comments?post=312"}],"version-history":[{"count":6,"href":"https:\/\/www.duocorda.ch\/dc\/wp-json\/wp\/v2\/posts\/312\/revisions"}],"predecessor-version":[{"id":353,"href":"https:\/\/www.duocorda.ch\/dc\/wp-json\/wp\/v2\/posts\/312\/revisions\/353"}],"wp:attachment":[{"href":"https:\/\/www.duocorda.ch\/dc\/wp-json\/wp\/v2\/media?parent=312"}],"wp:term":[{"taxonomy":"category","embeddable":true,"href":"https:\/\/www.duocorda.ch\/dc\/wp-json\/wp\/v2\/categories?post=312"},{"taxonomy":"post_tag","embeddable":true,"href":"https:\/\/www.duocorda.ch\/dc\/wp-json\/wp\/v2\/tags?post=312"}],"curies":[{"name":"wp","href":"https:\/\/api.w.org\/{rel}","templated":true}]}}