{"id":320,"date":"2012-11-18T09:12:38","date_gmt":"2012-11-18T08:12:38","guid":{"rendered":"http:\/\/www.duocorda.ch\/dc\/?p=320"},"modified":"2012-12-14T22:00:47","modified_gmt":"2012-12-14T21:00:47","slug":"dvd-und-konzerteinblick-duocorda-tournee2012","status":"publish","type":"post","link":"https:\/\/www.duocorda.ch\/dc\/dvd-und-konzerteinblick-duocorda-tournee2012\/","title":{"rendered":"DVD- und Konzerteinblick DuoCorda Tournee 2012"},"content":{"rendered":"<p>Vielen Dank an Samuel D\u00fctsch von <a title=\"samueld\u00fctsch productions\" href=\"http:\/\/www.sd-productions.ch\/\" target=\"_blank\">http:\/\/www.sd-productions.ch\/<\/a> f\u00fcr die tolle Zusammenarbeit. Einen Vorgeschmack des Inhaltes der DVD gibt&#8217;s auf <a title=\"DVD- und Konzerteinblick DuoCorda Tournee2012 auf Vimeo\" href=\"http:\/\/vimeo.com\/53068325\" target=\"_blank\">Vimeo<\/a>! Die DVD enth\u00e4lt einen Live-Mitschnitt des Konzertes vom 13. Juli 2012 in Seuzach. Auf der DVD ist das Konzert selbstverst\u00e4ndlich nicht mit Bonusmaterial\/Making-Of-Szenen durchmischt. Als Bonus gibt es das auf Vimeo einsehbare Portrait der Duo-Konzerte sowie einen kurzen Backstage-Einblick. Als dritter Bonus liegt der Konzertfilm auch als 720p Version im Ordner VIDEO_720p auf der DVD, abspielbar auf dem Computer.<\/p>\n<p><a title=\"DVD- und Konzerteinblick DuoCorda Tournee2012 auf Vimeo\" href=\"http:\/\/vimeo.com\/53068325\" target=\"_blank\"><img loading=\"lazy\" decoding=\"async\" class=\"alignnone size-medium wp-image-322\" title=\"DVD der DuoCorda Tournee 2012\" src=\"https:\/\/www.duocorda.ch\/dc\/wp-content\/uploads\/2012\/11\/Halb-DVD-572-300x184.jpg\" alt=\"DVD der DuoCorda Tournee 2012\" width=\"300\" height=\"184\" srcset=\"https:\/\/www.duocorda.ch\/dc\/wp-content\/uploads\/2012\/11\/Halb-DVD-572-300x184.jpg 300w, https:\/\/www.duocorda.ch\/dc\/wp-content\/uploads\/2012\/11\/Halb-DVD-572.jpg 572w\" sizes=\"auto, (max-width: 300px) 100vw, 300px\" \/><img loading=\"lazy\" decoding=\"async\" class=\"alignnone size-medium wp-image-321\" title=\"DVD- und Konzerteinblick DuoCorda Tournee2012 auf Vimeo\" src=\"https:\/\/www.duocorda.ch\/dc\/wp-content\/uploads\/2012\/11\/vimeo-300x193.jpg\" alt=\"Einblick DuoCorda Tournee 2012\" width=\"300\" height=\"193\" srcset=\"https:\/\/www.duocorda.ch\/dc\/wp-content\/uploads\/2012\/11\/vimeo-300x193.jpg 300w, https:\/\/www.duocorda.ch\/dc\/wp-content\/uploads\/2012\/11\/vimeo.jpg 486w\" sizes=\"auto, (max-width: 300px) 100vw, 300px\" \/><\/a><\/p>\n<p>Die DVD geht nun in Produktion und wird vor Weihnachten erwartet. Alle, welche die DVD bereits bestellt haben, werden in den n\u00e4chsten Wochen benachrichtigt.<\/p>\n<p>Bestellen Sie jetzt die DVD zu CHF 30.- inkl. CH-Versand! Ein kurzes Mail an dvd -AT- duocorda.ch gen\u00fcgt. Ab drei Exemplaren gibt es 5.- Rabatt pro bestellte DVD.<\/p>\n","protected":false},"excerpt":{"rendered":"<p>Vielen Dank an Samuel D\u00fctsch von http:\/\/www.sd-productions.ch\/ f\u00fcr die tolle Zusammenarbeit. Einen Vorgeschmack des Inhaltes der DVD gibt&#8217;s auf Vimeo! Die DVD enth\u00e4lt einen Live-Mitschnitt des Konzertes vom 13. Juli 2012 in Seuzach. Auf der DVD ist das Konzert selbstverst\u00e4ndlich &hellip; <a href=\"https:\/\/www.duocorda.ch\/dc\/dvd-und-konzerteinblick-duocorda-tournee2012\/\">Weiterlesen <span class=\"meta-nav\">&rarr;<\/span><\/a><\/p>\n","protected":false},"author":1,"featured_media":0,"comment_status":"closed","ping_status":"closed","sticky":false,"template":"","format":"standard","meta":{"footnotes":""},"categories":[1],"tags":[59,55,58,60,56,57],"class_list":["post-320","post","type-post","status-publish","format-standard","hentry","category-duocorda-konzerte","tag-720p","tag-dvd-vorschau","tag-hd","tag-rabatt","tag-samuel-dutsch","tag-sd-productions"],"_links":{"self":[{"href":"https:\/\/www.duocorda.ch\/dc\/wp-json\/wp\/v2\/posts\/320","targetHints":{"allow":["GET"]}}],"collection":[{"href":"https:\/\/www.duocorda.ch\/dc\/wp-json\/wp\/v2\/posts"}],"about":[{"href":"https:\/\/www.duocorda.ch\/dc\/wp-json\/wp\/v2\/types\/post"}],"author":[{"embeddable":true,"href":"https:\/\/www.duocorda.ch\/dc\/wp-json\/wp\/v2\/users\/1"}],"replies":[{"embeddable":true,"href":"https:\/\/www.duocorda.ch\/dc\/wp-json\/wp\/v2\/comments?post=320"}],"version-history":[{"count":11,"href":"https:\/\/www.duocorda.ch\/dc\/wp-json\/wp\/v2\/posts\/320\/revisions"}],"predecessor-version":[{"id":354,"href":"https:\/\/www.duocorda.ch\/dc\/wp-json\/wp\/v2\/posts\/320\/revisions\/354"}],"wp:attachment":[{"href":"https:\/\/www.duocorda.ch\/dc\/wp-json\/wp\/v2\/media?parent=320"}],"wp:term":[{"taxonomy":"category","embeddable":true,"href":"https:\/\/www.duocorda.ch\/dc\/wp-json\/wp\/v2\/categories?post=320"},{"taxonomy":"post_tag","embeddable":true,"href":"https:\/\/www.duocorda.ch\/dc\/wp-json\/wp\/v2\/tags?post=320"}],"curies":[{"name":"wp","href":"https:\/\/api.w.org\/{rel}","templated":true}]}}