{"id":355,"date":"2012-12-15T09:43:36","date_gmt":"2012-12-15T08:43:36","guid":{"rendered":"http:\/\/www.duocorda.ch\/dc\/?p=355"},"modified":"2013-01-05T16:03:06","modified_gmt":"2013-01-05T15:03:06","slug":"dvd-und-tournee-2013","status":"publish","type":"post","link":"https:\/\/www.duocorda.ch\/dc\/dvd-und-tournee-2013\/","title":{"rendered":"DVD und Tournee 2013"},"content":{"rendered":"<p><a href=\"https:\/\/www.duocorda.ch\/dc\/wp-content\/uploads\/2012\/12\/DuoCorda_Wintergewaechs_2012.jpg\"><img loading=\"lazy\" decoding=\"async\" class=\"alignnone size-large wp-image-340\" title=\"DuoCorda_Wintergewaechs_2012\" src=\"https:\/\/www.duocorda.ch\/dc\/wp-content\/uploads\/2012\/12\/DuoCorda_Wintergewaechs_2012-1024x474.jpg\" alt=\"DuoCorda_Wintergewaechs_2012\" width=\"640\" height=\"296\" srcset=\"https:\/\/www.duocorda.ch\/dc\/wp-content\/uploads\/2012\/12\/DuoCorda_Wintergewaechs_2012-1024x474.jpg 1024w, https:\/\/www.duocorda.ch\/dc\/wp-content\/uploads\/2012\/12\/DuoCorda_Wintergewaechs_2012-300x138.jpg 300w, https:\/\/www.duocorda.ch\/dc\/wp-content\/uploads\/2012\/12\/DuoCorda_Wintergewaechs_2012.jpg 1296w\" sizes=\"auto, (max-width: 640px) 100vw, 640px\" \/><\/a><\/p>\n<p>Frischer Schnee und eine brandneue DVD! Informationen \u00fcber den Inhalt sind auf der <a title=\"DVD\" href=\"https:\/\/www.duocorda.ch\/dc\/?page_id=337\">DVD-Seite<\/a> zu finden. Wir freuen uns auf R\u00fcckmeldungen und viele Bestellungen.<\/p>\n<p>Dazu ist unsere Tournee 2013 beinahe komplett organisiert. In K\u00fcrze wird der Tourneeplan auch wieder unter &#8222;Aktuell&#8220; zu finden sein. Den <a title=\"Informationen zur DuoCorda Tournee 2013\" href=\"http:\/\/www.duocorda.ch\/DuoCorda_Tournee2013_FlyerCHn.pdf\" target=\"_blank\">Tourneeplan und zus\u00e4tzliche Informationen zum Programm 2013<\/a> gibt&#8217;s bereits im Dateiformat <a title=\"Informationen zur DuoCorda Tournee 2013\" href=\"http:\/\/www.duocorda.ch\/DuoCorda_Tournee2013_FlyerCHn.pdf\" target=\"_blank\">PDF<\/a> (ca. 1 MB). Wir freuen uns auch auf unsere Weihnachtsauftritte und Konzerte.<\/p>\n<p>Beispiele:<br \/>\n15.12. Konzert in Interlaken (paul taylor orCHestra, <a title=\"paul taylor orCHestra Video von Alphorn &amp; Nordic Winds\" href=\"http:\/\/vimeo.com\/55386113\" target=\"_blank\">Video-Trailer<\/a> ansehen!)<br \/>\n16.12. Konzert in Zumikon (<a title=\"Website paul taylor orCHestra\" href=\"http:\/\/www.paultaylororchestra.ch\/\" target=\"_blank\">paul taylor orCHestra<\/a>)<br \/>\n18.12. Konzert an ETH (paul taylor orCHestra)<br \/>\n23.12. DuoCorda im <a title=\"Flyer Konzert im Park-Hotel Rheinfelden\" href=\"http:\/\/www.duocorda.ch\/2012_ParkHotel_WeihnachtskonzertDuoCorda.pdf\" target=\"_blank\">Park-Hotel Rheinfelden (Flyer)<\/a><br \/>\n2.1. DuoCorda <a title=\"Kultur Ottenbach - Neujahrskonzert 2013\" href=\"http:\/\/blog.kulturottenbach.ch\/2-1-2013-%C2%A6-neujahrskonzert\/\" target=\"_blank\">Neujahrskonzert in Ottenbach<\/a><br \/>\n6.1. Dreik\u00f6nigskonzert in Sirnach um 17h mit solistischer Harfe und Orchester<\/p>\n","protected":false},"excerpt":{"rendered":"<p>Frischer Schnee und eine brandneue DVD! Informationen \u00fcber den Inhalt sind auf der DVD-Seite zu finden. Wir freuen uns auf R\u00fcckmeldungen und viele Bestellungen. Dazu ist unsere Tournee 2013 beinahe komplett organisiert. In K\u00fcrze wird der Tourneeplan auch wieder unter &hellip; <a href=\"https:\/\/www.duocorda.ch\/dc\/dvd-und-tournee-2013\/\">Weiterlesen <span class=\"meta-nav\">&rarr;<\/span><\/a><\/p>\n","protected":false},"author":1,"featured_media":0,"comment_status":"closed","ping_status":"closed","sticky":false,"template":"","format":"standard","meta":{"footnotes":""},"categories":[1],"tags":[],"class_list":["post-355","post","type-post","status-publish","format-standard","hentry","category-duocorda-konzerte"],"_links":{"self":[{"href":"https:\/\/www.duocorda.ch\/dc\/wp-json\/wp\/v2\/posts\/355","targetHints":{"allow":["GET"]}}],"collection":[{"href":"https:\/\/www.duocorda.ch\/dc\/wp-json\/wp\/v2\/posts"}],"about":[{"href":"https:\/\/www.duocorda.ch\/dc\/wp-json\/wp\/v2\/types\/post"}],"author":[{"embeddable":true,"href":"https:\/\/www.duocorda.ch\/dc\/wp-json\/wp\/v2\/users\/1"}],"replies":[{"embeddable":true,"href":"https:\/\/www.duocorda.ch\/dc\/wp-json\/wp\/v2\/comments?post=355"}],"version-history":[{"count":4,"href":"https:\/\/www.duocorda.ch\/dc\/wp-json\/wp\/v2\/posts\/355\/revisions"}],"predecessor-version":[{"id":357,"href":"https:\/\/www.duocorda.ch\/dc\/wp-json\/wp\/v2\/posts\/355\/revisions\/357"}],"wp:attachment":[{"href":"https:\/\/www.duocorda.ch\/dc\/wp-json\/wp\/v2\/media?parent=355"}],"wp:term":[{"taxonomy":"category","embeddable":true,"href":"https:\/\/www.duocorda.ch\/dc\/wp-json\/wp\/v2\/categories?post=355"},{"taxonomy":"post_tag","embeddable":true,"href":"https:\/\/www.duocorda.ch\/dc\/wp-json\/wp\/v2\/tags?post=355"}],"curies":[{"name":"wp","href":"https:\/\/api.w.org\/{rel}","templated":true}]}}