{"id":439,"date":"2013-06-15T14:19:19","date_gmt":"2013-06-15T13:19:19","guid":{"rendered":"http:\/\/www.duocorda.ch\/dc\/?p=439"},"modified":"2013-06-15T14:22:29","modified_gmt":"2013-06-15T13:22:29","slug":"theater-lightshow-mimenspiel","status":"publish","type":"post","link":"https:\/\/www.duocorda.ch\/dc\/theater-lightshow-mimenspiel\/","title":{"rendered":"Theater, Lightshow, Mimenspiel?"},"content":{"rendered":"<p><img loading=\"lazy\" decoding=\"async\" class=\"alignnone size-large wp-image-452\" title=\"DuoCorda - Impression der Tournee 2013\" src=\"https:\/\/www.duocorda.ch\/dc\/wp-content\/uploads\/2013\/06\/DuoCorda_Tournee2013_Impression_IMG_1143-1024x682.jpg\" alt=\"\" width=\"640\" height=\"426\" srcset=\"https:\/\/www.duocorda.ch\/dc\/wp-content\/uploads\/2013\/06\/DuoCorda_Tournee2013_Impression_IMG_1143-1024x682.jpg 1024w, https:\/\/www.duocorda.ch\/dc\/wp-content\/uploads\/2013\/06\/DuoCorda_Tournee2013_Impression_IMG_1143-300x199.jpg 300w, https:\/\/www.duocorda.ch\/dc\/wp-content\/uploads\/2013\/06\/DuoCorda_Tournee2013_Impression_IMG_1143.jpg 1280w\" sizes=\"auto, (max-width: 640px) 100vw, 640px\" \/><\/p>\n<p>Das DuoCorda bietet kein Theater, keine Lightshow, kein Mimenspiel. Aber was ist feine Kammermusik ohne diese Zutaten?<\/p>\n<blockquote><p>Das DuoCorda pr\u00e4sentiert sich selbstbewusst, professionell, mit einer einfallsreichen und fantasievollen Auff\u00fchrung &#8211; und das musikalisch perfekt. <a title=\"Die Prinzessin von Kreta - DuoCorda im Alttoggenburger\" href=\"https:\/\/www.duocorda.ch\/dc\/wp-content\/uploads\/2013\/06\/20130507-Alttoggenburger-Seite-4.pdf\" target=\"_blank\"><img loading=\"lazy\" decoding=\"async\" class=\"size-medium wp-image-446 aligncenter\" title=\"Die Prinzessin von Kreta - DuoCorda im Alttoggenburger\" src=\"https:\/\/www.duocorda.ch\/dc\/wp-content\/uploads\/2013\/06\/20130507-Alttoggenburger-Seite-4-300x217.jpg\" alt=\"Die Prinzessin von Kreta - DuoCorda im Alttoggenburger\" width=\"300\" height=\"217\" srcset=\"https:\/\/www.duocorda.ch\/dc\/wp-content\/uploads\/2013\/06\/20130507-Alttoggenburger-Seite-4-300x217.jpg 300w, https:\/\/www.duocorda.ch\/dc\/wp-content\/uploads\/2013\/06\/20130507-Alttoggenburger-Seite-4-1024x743.jpg 1024w, https:\/\/www.duocorda.ch\/dc\/wp-content\/uploads\/2013\/06\/20130507-Alttoggenburger-Seite-4.jpg 1755w\" sizes=\"auto, (max-width: 300px) 100vw, 300px\" \/><\/a><em>(<a title=\"Die Prinzessin von Kreta - DuoCorda im Alttoggenburger\" href=\"https:\/\/www.duocorda.ch\/dc\/wp-content\/uploads\/2013\/06\/20130507-Alttoggenburger-Seite-4.pdf\" target=\"_blank\">Alttoggenburger<\/a>, Juliane Rabestein, 07.05.2013)<\/em><\/p><\/blockquote>\n<p>Neben vielen tollen Vorberichten und selber entworfenen Inseraten erschienen weitere Rezensionen, die wir fanden oder zugeschickt erhielten:<\/p>\n<blockquote><p>Bei abgedunkeltem Licht erklang \u00abClaire de lune\u00bb. Harfe und Geige gaben der ber\u00fchmten Melodie einem ganz eigenen, v\u00f6llig einnehmenden tr\u00e4umerischen Charme, der ans Herz ging. (<a title=\"DuoCorda begeistert mit erlebnisreichem Konzert\" href=\"https:\/\/www.duocorda.ch\/dc\/wp-content\/uploads\/2013\/06\/20130603-Volksblatt-DuoCorda.pdf\" target=\"_blank\">Bericht im Volksblatt<\/a>, Miriam Dey, 03.06.2013)<\/p><\/blockquote>\n<p>Auf Einladung spielten wir am Pfingstsonntag ein leicht variiertes Konzertprogramm in der Perlavita Rosenau in Kirchberg SG. Auch die Barockinstrumente waren dabei.<\/p>\n<blockquote><p>Tats\u00e4chlich war man zu Beginn versucht, das Ganze als doch vielleicht zu &#8222;vielsaitiges&#8220; Experiment zu erachten. Doch die Skepsis war, das zeigte sich schnell, unangebracht. (<a title=\"Wenn die Saiten Wimmern\" href=\"http:\/\/www.pressebureau.ch\/aktuell\/pr-und-varia\/details\/wenn-die-saiten-wimmern-683.html\" target=\"_blank\">Christof Lampart<\/a>, 27.05.2013)<\/p><\/blockquote>\n<p>Der Z\u00fcrcher Oberl\u00e4nder k\u00fcndigte unser Konzert in R\u00fcti ZH als &#8222;\u00fcberraschend originellen Auftritt&#8220; an. (ZO\/AvU 03.05.2013)<\/p>\n<blockquote><p>Offenbar haben die Maurmer das DuoCorda in guter Erinnerung. Es ist ihm jedenfalls gelungen, auch ohne die &#8222;R\u00fcckendeckung&#8220; einer Kommission den M\u00fchlesaal mit Musikinteressierten zu f\u00fcllen. (<a title=\"Artikel in der Maurmerpost vom 31. Mai 2013 auf Seite 2\" href=\"https:\/\/www.duocorda.ch\/dc\/wp-content\/uploads\/2013\/06\/20130531-Maurmerpost-MP22-S2.pdf\" target=\"_blank\">Maurmerpost<\/a>, 31.05.2013)<\/p><\/blockquote>\n<p>Der Rezensent vom Liechtensteiner Vaterland fand im Gespr\u00e4ch, dass im Vorfeld zu wenig \u00fcber unser Konzert in Eschen FL berichtet worden sei. Beim <a title=\"Rezension im Liechtensteiner Vaterland\" href=\"https:\/\/www.duocorda.ch\/dc\/wp-content\/uploads\/2013\/06\/20130603-LVaterland-13-06-031.pdf\" target=\"_blank\">Konzertbericht<\/a> lobt er Corinne Kappeler, wie sie &#8222;die Kompositionen mit eindr\u00fccklicher Vielfalt variierte&#8220; und ihr offenbar die hervorragenden Eigenschaften des Konzertraumes bewusst waren.<\/p>\n<p>&nbsp;<\/p>\n","protected":false},"excerpt":{"rendered":"<p>Das DuoCorda bietet kein Theater, keine Lightshow, kein Mimenspiel. Aber was ist feine Kammermusik ohne diese Zutaten? Das DuoCorda pr\u00e4sentiert sich selbstbewusst, professionell, mit einer einfallsreichen und fantasievollen Auff\u00fchrung &#8211; und das musikalisch perfekt. (Alttoggenburger, Juliane Rabestein, 07.05.2013) Neben vielen &hellip; <a href=\"https:\/\/www.duocorda.ch\/dc\/theater-lightshow-mimenspiel\/\">Weiterlesen <span class=\"meta-nav\">&rarr;<\/span><\/a><\/p>\n","protected":false},"author":1,"featured_media":0,"comment_status":"closed","ping_status":"closed","sticky":false,"template":"","format":"standard","meta":{"footnotes":""},"categories":[1],"tags":[65,63,64,62],"class_list":["post-439","post","type-post","status-publish","format-standard","hentry","category-duocorda-konzerte","tag-feine-kammermusik","tag-lightshow","tag-mimenspiel","tag-theater"],"_links":{"self":[{"href":"https:\/\/www.duocorda.ch\/dc\/wp-json\/wp\/v2\/posts\/439","targetHints":{"allow":["GET"]}}],"collection":[{"href":"https:\/\/www.duocorda.ch\/dc\/wp-json\/wp\/v2\/posts"}],"about":[{"href":"https:\/\/www.duocorda.ch\/dc\/wp-json\/wp\/v2\/types\/post"}],"author":[{"embeddable":true,"href":"https:\/\/www.duocorda.ch\/dc\/wp-json\/wp\/v2\/users\/1"}],"replies":[{"embeddable":true,"href":"https:\/\/www.duocorda.ch\/dc\/wp-json\/wp\/v2\/comments?post=439"}],"version-history":[{"count":10,"href":"https:\/\/www.duocorda.ch\/dc\/wp-json\/wp\/v2\/posts\/439\/revisions"}],"predecessor-version":[{"id":457,"href":"https:\/\/www.duocorda.ch\/dc\/wp-json\/wp\/v2\/posts\/439\/revisions\/457"}],"wp:attachment":[{"href":"https:\/\/www.duocorda.ch\/dc\/wp-json\/wp\/v2\/media?parent=439"}],"wp:term":[{"taxonomy":"category","embeddable":true,"href":"https:\/\/www.duocorda.ch\/dc\/wp-json\/wp\/v2\/categories?post=439"},{"taxonomy":"post_tag","embeddable":true,"href":"https:\/\/www.duocorda.ch\/dc\/wp-json\/wp\/v2\/tags?post=439"}],"curies":[{"name":"wp","href":"https:\/\/api.w.org\/{rel}","templated":true}]}}