{"id":459,"date":"2014-01-01T19:34:38","date_gmt":"2014-01-01T18:34:38","guid":{"rendered":"http:\/\/www.duocorda.ch\/dc\/?p=459"},"modified":"2014-01-01T19:34:38","modified_gmt":"2014-01-01T18:34:38","slug":"2014-365-vielsaitige-tage-stehen-vor-uns","status":"publish","type":"post","link":"https:\/\/www.duocorda.ch\/dc\/2014-365-vielsaitige-tage-stehen-vor-uns\/","title":{"rendered":"2014: 365 vielsaitige Tage stehen vor uns"},"content":{"rendered":"<p><a href=\"https:\/\/www.duocorda.ch\/dc\/wp-content\/uploads\/2014\/01\/IMG_5828b.jpg\"><img loading=\"lazy\" decoding=\"async\" class=\"alignright size-medium wp-image-461\" title=\"DuoCorda feiert Silvester bei den Benediktinern in Fischingen\" src=\"https:\/\/www.duocorda.ch\/dc\/wp-content\/uploads\/2014\/01\/IMG_5828b-200x300.jpg\" alt=\"DuoCorda feiert Silvester bei den Benediktinern in Fischingen\" width=\"200\" height=\"300\" srcset=\"https:\/\/www.duocorda.ch\/dc\/wp-content\/uploads\/2014\/01\/IMG_5828b-200x300.jpg 200w, https:\/\/www.duocorda.ch\/dc\/wp-content\/uploads\/2014\/01\/IMG_5828b.jpg 432w\" sizes=\"auto, (max-width: 200px) 100vw, 200px\" \/><\/a>Ein kurzer R\u00fcckblick auf unseren Auftritt in der Nacht auf heute: Wir haben die Gastfreundschaft der Benediktinergemeinschaft in Fischingen sehr genossen: <a title=\"Silvester bei den Benediktinern 2013\" href=\"http:\/\/www.benediktiner-stille.ch\/meditation\/silvester-bei-den-benediktinern-2014\/silvester-bei-den-benediktinern-2013\/\" target=\"_blank\">Silvester bei den Benediktinern 2013<\/a>. Herzlichen Dank.<\/p>\n<p>\u00dcber die Festtage erreichten uns Fragen, welche wir gerne auch hier beantworten m\u00f6chten:<\/p>\n<ul>\n<li type=\"circle\">Wenn Sie sich f\u00fcr unsere Nachrichten (2-3 pro Jahr) interessieren, schicken Sie uns eine (formlose) E-Mail, siehe <a title=\"Kontakt\" href=\"https:\/\/www.duocorda.ch\/dc\/?page_id=64\">Kontakt<\/a>.<\/li>\n<li type=\"circle\">Im <a title=\"Konzertkalender\" href=\"https:\/\/www.duocorda.ch\/dc\/?page_id=43\">Konzertkalender<\/a> ver\u00f6ffentlichen wir grunds\u00e4tzlich nur unsere Tournee-Konzerte. Andere Auftritte, privat oder \u00f6ffentlich, werden ausnahmsweise hier an dieser Stelle erw\u00e4hnt. Das sind Konzerte mit unserer Mitwirkung, Gottesdienste, Hochzeiten, Geburtstage, Cousinentreffen, GV, Weihnachtsfeiern mit Liedbegleitung. Wir sind auch offen f\u00fcr andere Anl\u00e4sse.<\/li>\n<li type=\"circle\">Bei den bisherigen Auftritten in 12 Kantonen und im F\u00fcrstentum Liechtenstein war uns kein Weg zu weit.<\/li>\n<li type=\"circle\">Ja, wir erarbeiten zur Zeit unsere dritte Konzerttournee&#8230;<\/li>\n<\/ul>\n","protected":false},"excerpt":{"rendered":"<p>Ein kurzer R\u00fcckblick auf unseren Auftritt in der Nacht auf heute: Wir haben die Gastfreundschaft der Benediktinergemeinschaft in Fischingen sehr genossen: Silvester bei den Benediktinern 2013. Herzlichen Dank. \u00dcber die Festtage erreichten uns Fragen, welche wir gerne auch hier beantworten &hellip; <a href=\"https:\/\/www.duocorda.ch\/dc\/2014-365-vielsaitige-tage-stehen-vor-uns\/\">Weiterlesen <span class=\"meta-nav\">&rarr;<\/span><\/a><\/p>\n","protected":false},"author":1,"featured_media":0,"comment_status":"closed","ping_status":"closed","sticky":false,"template":"","format":"standard","meta":{"footnotes":""},"categories":[1,5],"tags":[73,72,70,74,68,71,67,69,66],"class_list":["post-459","post","type-post","status-publish","format-standard","hentry","category-duocorda-konzerte","category-nieuws","tag-benediktiner","tag-diplomfeier","tag-firmenfeier","tag-fischingen","tag-geburtstag","tag-gv","tag-hochzeit","tag-klassentreffen","tag-silvester"],"_links":{"self":[{"href":"https:\/\/www.duocorda.ch\/dc\/wp-json\/wp\/v2\/posts\/459","targetHints":{"allow":["GET"]}}],"collection":[{"href":"https:\/\/www.duocorda.ch\/dc\/wp-json\/wp\/v2\/posts"}],"about":[{"href":"https:\/\/www.duocorda.ch\/dc\/wp-json\/wp\/v2\/types\/post"}],"author":[{"embeddable":true,"href":"https:\/\/www.duocorda.ch\/dc\/wp-json\/wp\/v2\/users\/1"}],"replies":[{"embeddable":true,"href":"https:\/\/www.duocorda.ch\/dc\/wp-json\/wp\/v2\/comments?post=459"}],"version-history":[{"count":6,"href":"https:\/\/www.duocorda.ch\/dc\/wp-json\/wp\/v2\/posts\/459\/revisions"}],"predecessor-version":[{"id":466,"href":"https:\/\/www.duocorda.ch\/dc\/wp-json\/wp\/v2\/posts\/459\/revisions\/466"}],"wp:attachment":[{"href":"https:\/\/www.duocorda.ch\/dc\/wp-json\/wp\/v2\/media?parent=459"}],"wp:term":[{"taxonomy":"category","embeddable":true,"href":"https:\/\/www.duocorda.ch\/dc\/wp-json\/wp\/v2\/categories?post=459"},{"taxonomy":"post_tag","embeddable":true,"href":"https:\/\/www.duocorda.ch\/dc\/wp-json\/wp\/v2\/tags?post=459"}],"curies":[{"name":"wp","href":"https:\/\/api.w.org\/{rel}","templated":true}]}}