{"id":528,"date":"2014-09-15T23:29:32","date_gmt":"2014-09-15T22:29:32","guid":{"rendered":"http:\/\/www.duocorda.ch\/dc\/?p=528"},"modified":"2014-09-16T12:09:11","modified_gmt":"2014-09-16T11:09:11","slug":"erinnerung","status":"publish","type":"post","link":"https:\/\/www.duocorda.ch\/dc\/erinnerung\/","title":{"rendered":"Einladung"},"content":{"rendered":"<p>Mit diesem Bild m\u00f6chten wir den bisherigen Tourneebesucherinnen und Tourneebesuchern ein kleines Souvenir schenken. Wir danken allen, welche die Tournee in irgend einer Form unterst\u00fctzen.<\/p>\n<p>Mit diesem Bild m\u00f6chten wir auch Sie oder dich einladen, ein Konzert der zweiten Tourneeh\u00e4lfte zu besuchen und unsere Konzerte weiter zu empfehlen. (siehe <a title=\"Konzertkalender\" href=\"https:\/\/www.duocorda.ch\/dc\/?page_id=43\">Konzertkalender<\/a> und <a title=\"Tourneeflyer 2014\" href=\"http:\/\/www.duocorda.ch\/DuoCorda_Tournee2014_Flyer.pdf\">Flyer<\/a>)<\/p>\n<p><a href=\"https:\/\/www.duocorda.ch\/dc\/wp-content\/uploads\/2014\/09\/2014_DuoCorda_Mosaik.jpg\"><img loading=\"lazy\" decoding=\"async\" class=\"alignright size-large wp-image-530\" title=\"DuoCorda Mosaik 2014\" src=\"https:\/\/www.duocorda.ch\/dc\/wp-content\/uploads\/2014\/09\/2014_DuoCorda_Mosaik-1024x772.jpg\" alt=\"Impressionen der Tournee 2014\" width=\"640\" height=\"482\" srcset=\"https:\/\/www.duocorda.ch\/dc\/wp-content\/uploads\/2014\/09\/2014_DuoCorda_Mosaik-1024x772.jpg 1024w, https:\/\/www.duocorda.ch\/dc\/wp-content\/uploads\/2014\/09\/2014_DuoCorda_Mosaik-300x226.jpg 300w, https:\/\/www.duocorda.ch\/dc\/wp-content\/uploads\/2014\/09\/2014_DuoCorda_Mosaik.jpg 1600w\" sizes=\"auto, (max-width: 640px) 100vw, 640px\" \/><\/a><\/p>\n<p>&nbsp;<\/p>\n","protected":false},"excerpt":{"rendered":"<p>Mit diesem Bild m\u00f6chten wir den bisherigen Tourneebesucherinnen und Tourneebesuchern ein kleines Souvenir schenken. Wir danken allen, welche die Tournee in irgend einer Form unterst\u00fctzen. Mit diesem Bild m\u00f6chten wir auch Sie oder dich einladen, ein Konzert der zweiten Tourneeh\u00e4lfte &hellip; <a href=\"https:\/\/www.duocorda.ch\/dc\/erinnerung\/\">Weiterlesen <span class=\"meta-nav\">&rarr;<\/span><\/a><\/p>\n","protected":false},"author":1,"featured_media":0,"comment_status":"closed","ping_status":"closed","sticky":false,"template":"","format":"standard","meta":{"footnotes":""},"categories":[1],"tags":[],"class_list":["post-528","post","type-post","status-publish","format-standard","hentry","category-duocorda-konzerte"],"_links":{"self":[{"href":"https:\/\/www.duocorda.ch\/dc\/wp-json\/wp\/v2\/posts\/528","targetHints":{"allow":["GET"]}}],"collection":[{"href":"https:\/\/www.duocorda.ch\/dc\/wp-json\/wp\/v2\/posts"}],"about":[{"href":"https:\/\/www.duocorda.ch\/dc\/wp-json\/wp\/v2\/types\/post"}],"author":[{"embeddable":true,"href":"https:\/\/www.duocorda.ch\/dc\/wp-json\/wp\/v2\/users\/1"}],"replies":[{"embeddable":true,"href":"https:\/\/www.duocorda.ch\/dc\/wp-json\/wp\/v2\/comments?post=528"}],"version-history":[{"count":6,"href":"https:\/\/www.duocorda.ch\/dc\/wp-json\/wp\/v2\/posts\/528\/revisions"}],"predecessor-version":[{"id":535,"href":"https:\/\/www.duocorda.ch\/dc\/wp-json\/wp\/v2\/posts\/528\/revisions\/535"}],"wp:attachment":[{"href":"https:\/\/www.duocorda.ch\/dc\/wp-json\/wp\/v2\/media?parent=528"}],"wp:term":[{"taxonomy":"category","embeddable":true,"href":"https:\/\/www.duocorda.ch\/dc\/wp-json\/wp\/v2\/categories?post=528"},{"taxonomy":"post_tag","embeddable":true,"href":"https:\/\/www.duocorda.ch\/dc\/wp-json\/wp\/v2\/tags?post=528"}],"curies":[{"name":"wp","href":"https:\/\/api.w.org\/{rel}","templated":true}]}}