{"id":542,"date":"2014-10-07T16:10:23","date_gmt":"2014-10-07T15:10:23","guid":{"rendered":"http:\/\/www.duocorda.ch\/dc\/?p=542"},"modified":"2014-10-07T16:10:23","modified_gmt":"2014-10-07T15:10:23","slug":"zusatzkonzert-am-24-oktober-2014-in-lichtensteig-sg","status":"publish","type":"post","link":"https:\/\/www.duocorda.ch\/dc\/zusatzkonzert-am-24-oktober-2014-in-lichtensteig-sg\/","title":{"rendered":"Zusatzkonzert am 24. Oktober 2014 in Lichtensteig SG"},"content":{"rendered":"<p>Wir spielen ein zweites Konzert im Toggenburg und freuen uns auf bekannte und neue Gesichter im Publikum! \u00a0Schicken Sie unseren aktualisierten <a title=\"Tourneeflyer 2014 mit Zusatzkonzert\" href=\"http:\/\/www.duocorda.ch\/DuoCorda_Tournee2014_Flyer_Zusatzkonzert.pdf\">Flyer<\/a> an Ihre Freunde in der Region.<\/p>\n<p><a href=\"https:\/\/www.duocorda.ch\/dc\/wp-content\/uploads\/2014\/10\/2014_Tourneeflyer_Zusatzkonzert.jpg\"><img loading=\"lazy\" decoding=\"async\" class=\"alignnone size-full wp-image-554\" title=\"Ausschnitt Flyer der Tournee 2014 mit Zusatzkonzert\" src=\"https:\/\/www.duocorda.ch\/dc\/wp-content\/uploads\/2014\/10\/2014_Tourneeflyer_Zusatzkonzert.jpg\" alt=\"Ausschnitt Flyer der Tournee 2014 mit Zusatzkonzert\" width=\"600\" height=\"424\" srcset=\"https:\/\/www.duocorda.ch\/dc\/wp-content\/uploads\/2014\/10\/2014_Tourneeflyer_Zusatzkonzert.jpg 600w, https:\/\/www.duocorda.ch\/dc\/wp-content\/uploads\/2014\/10\/2014_Tourneeflyer_Zusatzkonzert-300x212.jpg 300w\" sizes=\"auto, (max-width: 600px) 100vw, 600px\" \/><\/a><\/p>\n<p>Letztes Jahr hat sich der Steg der Violine bei einem Tourneekonzert schwungvoll auf eine Entdeckungsreise durch die Luft gemacht \u2013 dieses Jahr ist eine Harfensaite unter hoher Spannung gerissen. \u00dcberraschende Momente sind ein Qualit\u00e4tsmerkmal der Live-Musik und garantieren ein aussergew\u00f6hnliches Musikerlebnis.<\/p>\n","protected":false},"excerpt":{"rendered":"<p>Wir spielen ein zweites Konzert im Toggenburg und freuen uns auf bekannte und neue Gesichter im Publikum! \u00a0Schicken Sie unseren aktualisierten Flyer an Ihre Freunde in der Region. Letztes Jahr hat sich der Steg der Violine bei einem Tourneekonzert schwungvoll &hellip; <a href=\"https:\/\/www.duocorda.ch\/dc\/zusatzkonzert-am-24-oktober-2014-in-lichtensteig-sg\/\">Weiterlesen <span class=\"meta-nav\">&rarr;<\/span><\/a><\/p>\n","protected":false},"author":1,"featured_media":0,"comment_status":"closed","ping_status":"closed","sticky":false,"template":"","format":"standard","meta":{"footnotes":""},"categories":[1],"tags":[86,77,80,84,85,21,79],"class_list":["post-542","post","type-post","status-publish","format-standard","hentry","category-duocorda-konzerte","tag-harfensaite","tag-konzert","tag-lichtensteig","tag-live-musik","tag-toggenburg","tag-violine","tag-zusatzkonzert"],"_links":{"self":[{"href":"https:\/\/www.duocorda.ch\/dc\/wp-json\/wp\/v2\/posts\/542","targetHints":{"allow":["GET"]}}],"collection":[{"href":"https:\/\/www.duocorda.ch\/dc\/wp-json\/wp\/v2\/posts"}],"about":[{"href":"https:\/\/www.duocorda.ch\/dc\/wp-json\/wp\/v2\/types\/post"}],"author":[{"embeddable":true,"href":"https:\/\/www.duocorda.ch\/dc\/wp-json\/wp\/v2\/users\/1"}],"replies":[{"embeddable":true,"href":"https:\/\/www.duocorda.ch\/dc\/wp-json\/wp\/v2\/comments?post=542"}],"version-history":[{"count":5,"href":"https:\/\/www.duocorda.ch\/dc\/wp-json\/wp\/v2\/posts\/542\/revisions"}],"predecessor-version":[{"id":556,"href":"https:\/\/www.duocorda.ch\/dc\/wp-json\/wp\/v2\/posts\/542\/revisions\/556"}],"wp:attachment":[{"href":"https:\/\/www.duocorda.ch\/dc\/wp-json\/wp\/v2\/media?parent=542"}],"wp:term":[{"taxonomy":"category","embeddable":true,"href":"https:\/\/www.duocorda.ch\/dc\/wp-json\/wp\/v2\/categories?post=542"},{"taxonomy":"post_tag","embeddable":true,"href":"https:\/\/www.duocorda.ch\/dc\/wp-json\/wp\/v2\/tags?post=542"}],"curies":[{"name":"wp","href":"https:\/\/api.w.org\/{rel}","templated":true}]}}