{"id":601,"date":"2017-06-02T09:12:30","date_gmt":"2017-06-02T08:12:30","guid":{"rendered":"http:\/\/www.duocorda.ch\/dc\/?p=601"},"modified":"2017-06-02T09:12:30","modified_gmt":"2017-06-02T08:12:30","slug":"konzertempfehlungen-juni-2017","status":"publish","type":"post","link":"https:\/\/www.duocorda.ch\/dc\/konzertempfehlungen-juni-2017\/","title":{"rendered":"Konzertempfehlungen Juni 2017"},"content":{"rendered":"<p>Gleich drei Konzertempfehlungen k\u00f6nnen wir f\u00fcr den Juni 2017 vorschlagen. <\/p>\n<p><strong>Orchestergesellschaft Winterthur und DuoCorda<\/strong><br \/>\n<a href=\"https:\/\/www.duocorda.ch\/dc\/wp-content\/uploads\/2017\/06\/2017_WheelDC.jpg\"><img loading=\"lazy\" decoding=\"async\" src=\"https:\/\/www.duocorda.ch\/dc\/wp-content\/uploads\/2017\/06\/2017_WheelDC-300x300.jpg\" alt=\"\" title=\"DuoCorda - Spohr Concertante f\u00fcr Harfe, Violine und Orchester\" width=\"300\" height=\"300\" class=\"alignright size-medium wp-image-602\" srcset=\"https:\/\/www.duocorda.ch\/dc\/wp-content\/uploads\/2017\/06\/2017_WheelDC-300x300.jpg 300w, https:\/\/www.duocorda.ch\/dc\/wp-content\/uploads\/2017\/06\/2017_WheelDC-150x150.jpg 150w, https:\/\/www.duocorda.ch\/dc\/wp-content\/uploads\/2017\/06\/2017_WheelDC.jpg 940w\" sizes=\"auto, (max-width: 300px) 100vw, 300px\" \/><\/a> &#8211; Spohr: Concertante f\u00fcr Violine, Harfe, Orchester<br \/>\n &#8211; Filmmusik (u.a. Morricone: Chi Mai; Jarre: Lawrence von Arabien)<br \/>\n &#8211; Brahms: Ungarische T\u00e4nze 4 und 20<br \/>\n &#8211; Tschaikowsky: Blumenwalzer, Tanz der Zuckerfee<br \/>\n<strong>SA 24. Juni 2017<\/strong> &#8211; 19 Uhr Winterthur W\u00fclflingen<br \/>\n<strong>SO 25. Juni 2017<\/strong> &#8211; 17 Uhr Embrach Ref. Kirche<br \/>\n<a href='https:\/\/www.duocorda.ch\/dc\/wp-content\/uploads\/2017\/06\/2017_OGW_DuoCorda_Flyer.pdf'>Flyer <em>OGW-DuoCorda<\/em><\/a><\/p>\n<p><strong>paul taylor orCHestra, Eliana Burki, Karoliina Kantelinen, David Panzl und DuoCorda<\/strong><br \/>\n &#8211; <a href=\"http:\/\/paultaylororchestra.ch\/de\/tickets\/naechste-konzerte-und-tickets.html\" title=\"Tickets pto Alphorn und Nordic Winds\" target=\"_blank\">Alphorn und Nordic Winds<\/a><br \/>\n &#8211; Rockende Streicher und swingendes Alphorn<br \/>\n &#8211; Traditionelle finnische Werke, Orchestrationen von Daniel Schnyder, Alphornkonzert von Carl R\u00fctti<br \/>\n<strong>SO 18. Juni 2017<\/strong> &#8211; 17 Uhr Brugg Ref. Stadtkirche<br \/>\n<strong>DI 20. Juni 2017<\/strong> &#8211; 20 Uhr Z\u00fcrich Tonhalle<br \/>\n<a href='https:\/\/www.duocorda.ch\/dc\/wp-content\/uploads\/2017\/06\/2017-PTO-Alphorn-und-Nordic-Winds.pdf'>Flyer <em>Alphorn und Nordic Winds<\/em><\/a><\/p>\n<p><strong>paul taylor orCHestra, Eos Guitar Quartet, Laida Alberdi und Daniel<\/strong><br \/>\n &#8211; <a href=\"http:\/\/paultaylororchestra.ch\/de\/tickets\/naechste-konzerte-und-tickets.html\" title=\"Tickets pto Latin Strings\" target=\"_blank\">Latin Strings<\/a><br \/>\n &#8211; Gismontiana von Leo Brouwer<br \/>\n &#8211; Suite Populares Espanolas von Manuel de Falla<br \/>\n &#8211; El Amor Brujo von Manuel de Falla<br \/>\n &#8211; Retrato von Jacques Demierre<br \/>\nDas Konzert in Uster war ausverkauft! Letzte Chance:<br \/>\n<strong>DI 13. Juni 2017<\/strong> &#8211; 20 Uhr Z\u00fcrich Tonhalle<br \/>\n<a href='https:\/\/www.duocorda.ch\/dc\/wp-content\/uploads\/2017\/06\/2017-PTO-Latin-Strings.pdf'>Flyer <em>Latin Strings<\/em><\/a><\/p>\n","protected":false},"excerpt":{"rendered":"<p>Gleich drei Konzertempfehlungen k\u00f6nnen wir f\u00fcr den Juni 2017 vorschlagen. Orchestergesellschaft Winterthur und DuoCorda &#8211; Spohr: Concertante f\u00fcr Violine, Harfe, Orchester &#8211; Filmmusik (u.a. Morricone: Chi Mai; Jarre: Lawrence von Arabien) &#8211; Brahms: Ungarische T\u00e4nze 4 und 20 &#8211; Tschaikowsky: &hellip; <a href=\"https:\/\/www.duocorda.ch\/dc\/konzertempfehlungen-juni-2017\/\">Weiterlesen <span class=\"meta-nav\">&rarr;<\/span><\/a><\/p>\n","protected":false},"author":1,"featured_media":0,"comment_status":"closed","ping_status":"closed","sticky":false,"template":"","format":"standard","meta":{"footnotes":""},"categories":[1],"tags":[],"class_list":["post-601","post","type-post","status-publish","format-standard","hentry","category-duocorda-konzerte"],"_links":{"self":[{"href":"https:\/\/www.duocorda.ch\/dc\/wp-json\/wp\/v2\/posts\/601","targetHints":{"allow":["GET"]}}],"collection":[{"href":"https:\/\/www.duocorda.ch\/dc\/wp-json\/wp\/v2\/posts"}],"about":[{"href":"https:\/\/www.duocorda.ch\/dc\/wp-json\/wp\/v2\/types\/post"}],"author":[{"embeddable":true,"href":"https:\/\/www.duocorda.ch\/dc\/wp-json\/wp\/v2\/users\/1"}],"replies":[{"embeddable":true,"href":"https:\/\/www.duocorda.ch\/dc\/wp-json\/wp\/v2\/comments?post=601"}],"version-history":[{"count":13,"href":"https:\/\/www.duocorda.ch\/dc\/wp-json\/wp\/v2\/posts\/601\/revisions"}],"predecessor-version":[{"id":618,"href":"https:\/\/www.duocorda.ch\/dc\/wp-json\/wp\/v2\/posts\/601\/revisions\/618"}],"wp:attachment":[{"href":"https:\/\/www.duocorda.ch\/dc\/wp-json\/wp\/v2\/media?parent=601"}],"wp:term":[{"taxonomy":"category","embeddable":true,"href":"https:\/\/www.duocorda.ch\/dc\/wp-json\/wp\/v2\/categories?post=601"},{"taxonomy":"post_tag","embeddable":true,"href":"https:\/\/www.duocorda.ch\/dc\/wp-json\/wp\/v2\/tags?post=601"}],"curies":[{"name":"wp","href":"https:\/\/api.w.org\/{rel}","templated":true}]}}