{"id":621,"date":"2018-01-04T17:15:36","date_gmt":"2018-01-04T16:15:36","guid":{"rendered":"http:\/\/www.duocorda.ch\/dc\/?p=621"},"modified":"2018-01-06T10:48:17","modified_gmt":"2018-01-06T09:48:17","slug":"visuelles-konzept-aus-einer-teetasse","status":"publish","type":"post","link":"https:\/\/www.duocorda.ch\/dc\/visuelles-konzept-aus-einer-teetasse\/","title":{"rendered":"Visuelles Konzept aus einer Teetasse"},"content":{"rendered":"<div id=\"attachment_622\" style=\"width: 310px\" class=\"wp-caption alignright\"><a href=\"https:\/\/www.duocorda.ch\/dc\/wp-content\/uploads\/2018\/01\/GmW112_DuoCorda.jpg\"><img loading=\"lazy\" decoding=\"async\" aria-describedby=\"caption-attachment-622\" class=\"size-medium wp-image-622 \" title=\"Visuelles by DuoCorda\" src=\"https:\/\/www.duocorda.ch\/dc\/wp-content\/uploads\/2018\/01\/GmW112_DuoCorda-300x187.jpg\" alt=\"\" width=\"300\" height=\"187\" srcset=\"https:\/\/www.duocorda.ch\/dc\/wp-content\/uploads\/2018\/01\/GmW112_DuoCorda-300x187.jpg 300w, https:\/\/www.duocorda.ch\/dc\/wp-content\/uploads\/2018\/01\/GmW112_DuoCorda-1024x640.jpg 1024w, https:\/\/www.duocorda.ch\/dc\/wp-content\/uploads\/2018\/01\/GmW112_DuoCorda.jpg 1920w\" sizes=\"auto, (max-width: 300px) 100vw, 300px\" \/><\/a><p id=\"caption-attachment-622\" class=\"wp-caption-text\">Visuelles Konzept f\u00fcr die Konzerte &#8222;50 Jahre Cantus Sanctus Seuzach&#8220;<\/p><\/div>\n<p>Daniel hatte im Oktober f\u00fcr das Chor-Jubil\u00e4umskonzert in Seuzach die visuelle Gestaltung \u00fcbernommen. Rechts ein Standbild aus einer bewegten Videoprojektion zum Lied &#8222;Give me Wings&#8220;.<\/p>\n<p>Die Grundlage f\u00fcr diese Kreation waren Fotos der letzten neun Jahre, unter anderem Bilder aus Japan und diese Teetasse in Hilversum NL:<\/p>\n<div id=\"attachment_623\" style=\"width: 310px\" class=\"wp-caption alignleft\"><a href=\"https:\/\/www.duocorda.ch\/dc\/wp-content\/uploads\/2018\/01\/P1140676_DuoCorda.jpg\"><img loading=\"lazy\" decoding=\"async\" aria-describedby=\"caption-attachment-623\" class=\"size-medium wp-image-623\" title=\"Teetasse\" src=\"https:\/\/www.duocorda.ch\/dc\/wp-content\/uploads\/2018\/01\/P1140676_DuoCorda-300x225.jpg\" alt=\"\" width=\"300\" height=\"225\" srcset=\"https:\/\/www.duocorda.ch\/dc\/wp-content\/uploads\/2018\/01\/P1140676_DuoCorda-300x225.jpg 300w, https:\/\/www.duocorda.ch\/dc\/wp-content\/uploads\/2018\/01\/P1140676_DuoCorda.jpg 768w\" sizes=\"auto, (max-width: 300px) 100vw, 300px\" \/><\/a><p id=\"caption-attachment-623\" class=\"wp-caption-text\">Teetasse mit Spiegelung<\/p><\/div>\n<p>Unsere Agenden waren im Dezember speziell gef\u00fcllt, danke! Unter anderem mit einem <a title=\"DuoCorda Konzert in der Villa Boveri in Baden\" href=\"https:\/\/www.duocorda.ch\/dc\/wp-content\/uploads\/2018\/01\/AWM_2017_Advent.pdf\" target=\"_blank\">DuoCorda Konzert in der Villa Boveri in Baden<\/a>, bei welchem wir neue visuelle Effekte mit Wasser und Licht eingesetzt haben. <\/p>\n<p>Die eigene Tournee ist winterlich auf Eis &#8211; der Umbau ben\u00f6tigt noch Zeit. Die Tournee wurde vom aktuellen Wetter jedoch weder weggewindet noch fortgesp\u00fclt. Wir freuen uns auf Konzerte zu zweit, Konzerte mit dem Musikkollegium Winterthur, dem Orchester Kaltbrunn Niederurnen, dem Musiktheater Wil und anderen Orchestern. Dazu Sch\u00fclerkonzerte und musikalische Begleitung von verschiedenen Feiern. Gerne nehmen wir Ihre <a href=\"https:\/\/www.duocorda.ch\/dc\/?page_id=64\" title=\"Kontakt\">Anfrage entgegen<\/a>.<\/p>\n<p>Wir freuen uns auf Begegnungen mit Ihnen!<\/p>\n","protected":false},"excerpt":{"rendered":"<p>Daniel hatte im Oktober f\u00fcr das Chor-Jubil\u00e4umskonzert in Seuzach die visuelle Gestaltung \u00fcbernommen. Rechts ein Standbild aus einer bewegten Videoprojektion zum Lied &#8222;Give me Wings&#8220;. Die Grundlage f\u00fcr diese Kreation waren Fotos der letzten neun Jahre, unter anderem Bilder aus &hellip; <a href=\"https:\/\/www.duocorda.ch\/dc\/visuelles-konzept-aus-einer-teetasse\/\">Weiterlesen <span class=\"meta-nav\">&rarr;<\/span><\/a><\/p>\n","protected":false},"author":1,"featured_media":0,"comment_status":"closed","ping_status":"closed","sticky":false,"template":"","format":"standard","meta":{"footnotes":""},"categories":[5],"tags":[],"class_list":["post-621","post","type-post","status-publish","format-standard","hentry","category-nieuws"],"_links":{"self":[{"href":"https:\/\/www.duocorda.ch\/dc\/wp-json\/wp\/v2\/posts\/621","targetHints":{"allow":["GET"]}}],"collection":[{"href":"https:\/\/www.duocorda.ch\/dc\/wp-json\/wp\/v2\/posts"}],"about":[{"href":"https:\/\/www.duocorda.ch\/dc\/wp-json\/wp\/v2\/types\/post"}],"author":[{"embeddable":true,"href":"https:\/\/www.duocorda.ch\/dc\/wp-json\/wp\/v2\/users\/1"}],"replies":[{"embeddable":true,"href":"https:\/\/www.duocorda.ch\/dc\/wp-json\/wp\/v2\/comments?post=621"}],"version-history":[{"count":11,"href":"https:\/\/www.duocorda.ch\/dc\/wp-json\/wp\/v2\/posts\/621\/revisions"}],"predecessor-version":[{"id":636,"href":"https:\/\/www.duocorda.ch\/dc\/wp-json\/wp\/v2\/posts\/621\/revisions\/636"}],"wp:attachment":[{"href":"https:\/\/www.duocorda.ch\/dc\/wp-json\/wp\/v2\/media?parent=621"}],"wp:term":[{"taxonomy":"category","embeddable":true,"href":"https:\/\/www.duocorda.ch\/dc\/wp-json\/wp\/v2\/categories?post=621"},{"taxonomy":"post_tag","embeddable":true,"href":"https:\/\/www.duocorda.ch\/dc\/wp-json\/wp\/v2\/tags?post=621"}],"curies":[{"name":"wp","href":"https:\/\/api.w.org\/{rel}","templated":true}]}}